{"id":162,"date":"2016-12-05T11:15:31","date_gmt":"2016-12-05T10:15:31","guid":{"rendered":"http:\/\/www.aycp.de\/?p=162"},"modified":"2016-12-05T12:44:01","modified_gmt":"2016-12-05T11:44:01","slug":"bpwahl2016-es-ist-entschieden","status":"publish","type":"post","link":"https:\/\/www.aycp.de\/?p=162","title":{"rendered":"#BPWahl2016 &#8211; Es ist entschieden"},"content":{"rendered":"<p>Die Bundespr\u00e4sidenten Wahl ist nun endg\u00fcltig(?) vorbei und der Sieger hei\u00dft\u00a0Alexander Van der Bellen.<\/p>\n<p>Ich bin kein Politiker, noch kenn&#8216; ich mich \u00fcberall aus, ich w\u00fcrde eher sagen ich bin Politisch soweit Interessiert das ich mir schon Gedanken machen, wen ich bzw. warum ich w\u00e4hle.<\/p>\n<p>Die BP Wahl\u00a0war alles andere als &#8222;einfach&#8220;, denn zuerst stand es im Mai 50:50, dann gab es eine Stichwahl, welche VDB gewonnen hatte &#8211; anschlie\u00dfend wurde das Wahlergebnis von der Gegner-Partei angefechtet &#8211; was zu einer erneuten Stichwahl gef\u00fchrt hat. Somit hat der Wahlkampf mehr als 50 Wochen gedauert und Millionen von Steuergeldern gekostet.<\/p>\n<p>Vorweg: Es ist kein Geheimnis das Norbert Hofer zur FP\u00d6 Partei geh\u00f6rt, und dementsprechend Freiheitlich und stark Rechts angehaucht ist. Im Gegensatz\u00a0dazu ist Van der Bellen eher Sozial Demokratisch mit starken R\u00fcckhalt der Gr\u00fcnen.<\/p>\n<p>Ich m\u00f6chte jetzt keine Partei ergreifen, und auch meine Politisch meinen mal au\u00dfen vor lassen.<br \/>\nIch lese heute in s\u00e4mtlichen Medien: &#8222;Gl\u00fcck, wir haben Rechtsruck verhindert&#8220;, &#8222;Kein Norbert Hofer, im Ausland ist Erleichterung zu Sp\u00fcren&#8220;, etc&#8230; doch die Frage welche ich mir nun stelle, haben wir in all den vielen Jahren nichts gelernt? Sind Menschen tats\u00e4chlich so Lern-resistent oder vergesslich?&#8230;<\/p>\n<p>Eigentlich ist das Wahlergebnis traurig, den nur knapp konnte VDB sich vor Hofer behaupten, wenn man sich jedoch die Karte der W\u00e4hler ansieht, so ist ganz \u00d6sterreich &#8222;Blau&#8220; mit Ausnahme der Ballungszentren (Wien, Graz, Eisenstadt, Klagenfurt, Salzburg, Innsbruck, Bregenz&#8230;).<\/p>\n<p>Ich bin von beiden Kandidaten kein gro\u00dfer FAN, jedoch sagt mir der Hausverstand, gerade wenn wir in die Jahre 1938-1945 zur\u00fcck blicken, wer die &#8222;bessere&#8220; Wahl f\u00fcr unser Land ist. ACHTUNG: Ich m\u00f6chte hier niemanden als Nationalsozialistisch darstellen!<\/p>\n<p>Ich verstehe und bin mir bewusst das wir, EUROPA, in einer gro\u00dfen Kriese stecken. Zu einem der Krieg gegen den Terror, Ver\u00e4nderungen in den USA (Trump), Spannungen zwischen Russland, USA und China, Wirtschafts und Finanzkrise. Jeder hat \u00e4ngste, und um so mehr wissen wir nicht was vor uns liegt.<br \/>\nDie Arbeitslosenrate steigt, viele Fl\u00fcchtlinge kommen in unser Land, und das Leben wird immer Kostspieliger.<\/p>\n<p>Ich verstehe aber nicht wie man durch die Mediale Panikmache und das Hass-Sch\u00fcren durch die FP\u00d6 soweit geht und tats\u00e4chlich Norbert Hofer als ernst zunehmenden Kandidaten w\u00e4hlt. Nicht falsch verstehen, ein Van der Bellen ist nicht gerade das was man als &#8222;Vorzeige Pr\u00e4sident&#8220; nennen kann.<\/p>\n<p>Ich m\u00f6chte in einem Land leben wo wir soziale Leistungen erhalten, die Bildung f\u00fcr alle zug\u00e4nglich ist, Gesundheit f\u00fcr alle verf\u00fcgbar ist, ein Fairen Gehalt, gleiche Chancen f\u00fcr alle, ein offenes Miteinander, egal welcher Herkunft, Hautfarbe oder Religion. Ich m\u00f6chte mich NICHT abschotten, die Reichen reicher werden lassen und die Armen \u00e4rmer werden lassen. Ich m\u00f6chte kein feindlich Gesinntes oder gar Rassistisches \u00d6sterreich.<\/p>\n<p>Nicht die Politik entscheidet \u00fcber unser sein und werden, sondern jeder einzelne von uns. Behandle deinen n\u00e4chsten so wie du behandelt werden m\u00f6chtest.<br \/>\nSei es nur das Aufhalten einer T\u00fcr im Einkaufszentrum oder einer alten Dame \u00fcber die Stra\u00dfe helfen. Einem &#8222;Fl\u00fcchtling&#8220; essen spendieren oder jemanden in der Fr\u00fch freundlich Gr\u00fc\u00dfen. ABSCHOTTUNG ist das d\u00fcmmste was wir in dieser Zeit machen k\u00f6nnen, denn ab diese Zeitpunkt w\u00e4ren wir auf uns selbst angewiesen &#8211; und auf wen sollten wir dann einen Hass haben?.<\/p>\n<p>Die FP\u00d6 n\u00e4hrt sich von ANGST und HASS, erz\u00e4hlt jedem das Sie die einzigen sind welche etwas dagegen tun k\u00f6nnen, und wenn du Sie jedoch Fragst wie Sie sich das vorstellen, herrscht pl\u00f6tzlich Uneinigkeit und Stille. Wir hatten schon mal solch einen Hassprediger, A. Hitler hat allen das Gelbe vom Ei versprochen &#8211; und gro\u00dfteils sogar eingehalten &#8211; jedoch zu welchem Preis?<\/p>\n<p>Manches mal habe ich das Gef\u00fchl, das die \u00d6sterreicher vergessen wie gut es uns in wahrheit geht. Wir haben Wasser, Nahrung und viele weitere Wichtigen Ressourcen. Wir haben ein TOP Verkehrssystem sei es in Wien \u00f6der die \u00d6BB. Wir haben einen hohen Standard, und es gibt kaum jemanden der nicht mind. 2 Smart TVs, Smartphone und Internet besitzt.<\/p>\n<blockquote><p>Wir sind Reich und Verzogen und vergessen unsere Werte!<\/p><\/blockquote>\n<p>Miteinander statt Gegeneinander &#8211; auch jetzt nach der Wahl! Spart euch so dumme Spr\u00fcche wie von Felix Baumgartner mit &#8222;VDB ist nicht mein Pr\u00e4sident&#8220; &#8211; DOCH IST ER! Komm klar damit! &#8211; Dadurch wird die Welt nicht Untergehen!<\/p>\n<p>Und f\u00fcr all jene die jetzt Aufschreien &#8222;Ver\u00e4nderungen geh\u00f6ren her&#8220; &#8211; JA ich bin bei euch, aber <span style=\"text-decoration: underline;\"><strong>nicht<\/strong> <\/span>um den Preis der Freiheit und auf Basis von Angst, Hass, Ausgrenzung und Rassismus.<\/p>\n<p>Tsch\u00fc!<\/p>\n<p>&nbsp;<\/p>\n","protected":false},"excerpt":{"rendered":"<p>Die Bundespr\u00e4sidenten Wahl ist nun endg\u00fcltig(?) vorbei und der Sieger hei\u00dft\u00a0Alexander Van der Bellen. Ich bin kein Politiker, noch kenn&#8216; ich mich \u00fcberall aus, ich w\u00fcrde eher sagen ich bin Politisch soweit Interessiert das ich mir schon Gedanken machen, wen ich bzw. warum ich w\u00e4hle. Die BP Wahl\u00a0war alles andere als &#8222;einfach&#8220;, denn zuerst stand [&hellip;]<\/p>\n","protected":false},"author":1,"featured_media":163,"comment_status":"closed","ping_status":"open","sticky":false,"template":"","format":"standard","meta":{"footnotes":""},"categories":[1,7],"tags":[],"_links":{"self":[{"href":"https:\/\/www.aycp.de\/index.php?rest_route=\/wp\/v2\/posts\/162"}],"collection":[{"href":"https:\/\/www.aycp.de\/index.php?rest_route=\/wp\/v2\/posts"}],"about":[{"href":"https:\/\/www.aycp.de\/index.php?rest_route=\/wp\/v2\/types\/post"}],"author":[{"embeddable":true,"href":"https:\/\/www.aycp.de\/index.php?rest_route=\/wp\/v2\/users\/1"}],"replies":[{"embeddable":true,"href":"https:\/\/www.aycp.de\/index.php?rest_route=%2Fwp%2Fv2%2Fcomments&post=162"}],"version-history":[{"count":6,"href":"https:\/\/www.aycp.de\/index.php?rest_route=\/wp\/v2\/posts\/162\/revisions"}],"predecessor-version":[{"id":169,"href":"https:\/\/www.aycp.de\/index.php?rest_route=\/wp\/v2\/posts\/162\/revisions\/169"}],"wp:featuredmedia":[{"embeddable":true,"href":"https:\/\/www.aycp.de\/index.php?rest_route=\/wp\/v2\/media\/163"}],"wp:attachment":[{"href":"https:\/\/www.aycp.de\/index.php?rest_route=%2Fwp%2Fv2%2Fmedia&parent=162"}],"wp:term":[{"taxonomy":"category","embeddable":true,"href":"https:\/\/www.aycp.de\/index.php?rest_route=%2Fwp%2Fv2%2Fcategories&post=162"},{"taxonomy":"post_tag","embeddable":true,"href":"https:\/\/www.aycp.de\/index.php?rest_route=%2Fwp%2Fv2%2Ftags&post=162"}],"curies":[{"name":"wp","href":"https:\/\/api.w.org\/{rel}","templated":true}]}}